{"id":2135,"date":"2026-08-03T09:36:56","date_gmt":"2026-08-03T12:36:56","guid":{"rendered":"https:\/\/cuidapp.site\/?p=2135"},"modified":"2026-07-29T09:49:19","modified_gmt":"2026-07-29T12:49:19","slug":"seguranca-tambem-e-direito-no-trabalho-domestico","status":"publish","type":"post","link":"https:\/\/cuidapp.site\/es\/2026\/08\/03\/seguranca-tambem-e-direito-no-trabalho-domestico\/","title":{"rendered":"Seguran\u00e7a tamb\u00e9m \u00e9 direito no trabalho dom\u00e9stico"},"content":{"rendered":"<h2 class=\"wp-block-heading\">O que fazer diante de ass\u00e9dio, viol\u00eancia ou situa\u00e7\u00f5es de risco?<\/h2>\n\n\n\n<p class=\"wp-block-paragraph\">Trabalhar dentro da casa de outra pessoa ou circular por diferentes endere\u00e7os pode expor as trabalhadoras dom\u00e9sticas a riscos que muitas vezes ficam invis\u00edveis. <strong>Seguran\u00e7a n\u00e3o \u00e9 detalhe: faz parte do direito a um trabalho digno.<\/strong><\/p>\n\n\n\n<h3 class=\"wp-block-heading\">O que merece aten\u00e7\u00e3o<\/h3>\n\n\n\n<p class=\"wp-block-paragraph\">Ass\u00e9dio, viol\u00eancia verbal, press\u00e3o para aceitar tarefas extras, isolamento, atrasos no pagamento e situa\u00e7\u00f5es desconfort\u00e1veis dentro da casa s\u00e3o sinais de alerta. Em trabalho dom\u00e9stico, o ambiente privado pode dificultar pedidos de ajuda e ampliar a sensa\u00e7\u00e3o de vulnerabilidade.<\/p>\n\n\n\n<p class=\"wp-block-paragraph\">Tamb\u00e9m \u00e9 importante lembrar que situa\u00e7\u00f5es de risco podem acontecer no deslocamento, no trajeto at\u00e9 o trabalho, na chegada ao endere\u00e7o ou durante a jornada. Seguran\u00e7a precisa ser pensada antes, durante e depois do servi\u00e7o.<\/p>\n\n\n\n<h3 class=\"wp-block-heading\">O que fazer na pr\u00e1tica<\/h3>\n\n\n\n<ul class=\"wp-block-list\">\n<li>Compartilhe a localiza\u00e7\u00e3o com algu\u00e9m de confian\u00e7a antes de sair.<\/li>\n\n\n\n<li>Avise o endere\u00e7o, o hor\u00e1rio de entrada e o hor\u00e1rio previsto para sa\u00edda.<\/li>\n\n\n\n<li>Combine uma palavra-c\u00f3digo com uma pessoa pr\u00f3xima para avisar se algo estiver errado.<\/li>\n\n\n\n<li>Leve o celular carregado e, se poss\u00edvel, um carregador port\u00e1til.<\/li>\n\n\n\n<li>Evite entrar em situa\u00e7\u00f5es que n\u00e3o estavam combinadas.<\/li>\n\n\n\n<li>Se o local parecer inseguro, recuse o servi\u00e7o ou interrompa a atividade.<\/li>\n\n\n\n<li>Guarde contatos de apoio, sindicato, coletivo ou rede de confian\u00e7a.<\/li>\n\n\n\n<li>Registre mensagens, prints ou qualquer prova, caso haja ass\u00e9dio, amea\u00e7a ou abuso.<\/li>\n<\/ul>\n\n\n\n<p class=\"wp-block-paragraph\">Essas medidas n\u00e3o resolvem o problema sozinhas, mas ajudam a reduzir riscos e aumentam a chance de pedir ajuda no momento certo.<\/p>\n\n\n\n<h3 class=\"wp-block-heading\">Dizer n\u00e3o tamb\u00e9m protege<\/h3>\n\n\n\n<p class=\"wp-block-paragraph\">Recusar uma situa\u00e7\u00e3o insegura n\u00e3o \u00e9 falta de profissionalismo. Se houve mudan\u00e7a de endere\u00e7o, presen\u00e7a de pessoas desconhecidas, cobran\u00e7a de tarefas extras sem acordo ou qualquer comportamento que gere medo, a trabalhadora pode e deve priorizar sua prote\u00e7\u00e3o.<\/p>\n\n\n\n<p class=\"wp-block-paragraph\">A <a href=\"https:\/\/cuidapp.site\/es\/2026\/06\/12\/trabalho-por-aplicativo-em-foco-o-que-a-nova-convencao-da-oit-muda-para-quem-vive-do-digital\/\">nova conven\u00e7\u00e3o internacional sobre trabalho em plataformas<\/a> tamb\u00e9m refor\u00e7a a import\u00e2ncia de ambientes seguros, prote\u00e7\u00e3o contra viol\u00eancia e ass\u00e9dio, e mecanismos de den\u00fancia e contesta\u00e7\u00e3o.<\/p>\n\n\n\n<h3 class=\"wp-block-heading\">Redes de apoio importam<\/h3>\n\n\n\n<p class=\"wp-block-paragraph\">Ningu\u00e9m deveria enfrentar isso sozinha. Sindicatos, coletivos, organiza\u00e7\u00f5es de trabalhadoras e canais p\u00fablicos podem oferecer orienta\u00e7\u00e3o, acolhimento e encaminhamento. Encontre o lugar de acolhimento mais pr\u00f3ximo de voc\u00ea <a href=\"https:\/\/cuidapp.site\/es\/onde-buscar-apoio\/\">aqui<\/a>. <\/p>\n\n\n\n<p class=\"wp-block-paragraph\">Se houver risco imediato, o ideal \u00e9 buscar ajuda urgente pelos canais de emerg\u00eancia. Se a situa\u00e7\u00e3o for recorrente, vale procurar apoio jur\u00eddico, psicol\u00f3gico e coletivo para registrar o caso e impedir novas ocorr\u00eancias.<\/p>\n\n\n\n<h3 class=\"wp-block-heading\">Aprenda mais<\/h3>\n\n\n\n<p class=\"wp-block-paragraph\"><a href=\"https:\/\/www.gov.br\/trabalho-e-emprego\/pt-br\/noticias-e-conteudo\/2026\/julho\/trabalho-domestico-remunerado-no-brasil-panorama-estatistico-e-acoes-de-protecao-social\" target=\"_blank\" rel=\"noopener\">Trabalho Dom\u00e9stico Remunerado no Brasil: Panorama Estat\u00edstico e A\u00e7\u00f5es de Prote\u00e7\u00e3o Social<\/a><\/p>\n\n\n\n<p class=\"wp-block-paragraph\"><\/p>","protected":false},"excerpt":{"rendered":"<p>O que fazer diante de ass\u00e9dio, viol\u00eancia ou situa\u00e7\u00f5es de risco? Trabalhar dentro da casa de outra pessoa ou circular por diferentes endere\u00e7os pode expor as trabalhadoras dom\u00e9sticas a riscos que muitas vezes ficam invis\u00edveis. Seguran\u00e7a n\u00e3o \u00e9 detalhe: faz parte do direito a um trabalho digno. O que merece aten\u00e7\u00e3o Ass\u00e9dio, viol\u00eancia verbal, press\u00e3o [&hellip;]<\/p>\n","protected":false},"author":1,"featured_media":2136,"comment_status":"open","ping_status":"open","sticky":false,"template":"","format":"standard","meta":{"footnotes":""},"categories":[21],"tags":[16,14,17,15],"class_list":["post-2135","post","type-post","status-publish","format-standard","has-post-thumbnail","hentry","category-informacoes","tag-argentina","tag-brasil","tag-colombia","tag-mexico"],"_links":{"self":[{"href":"https:\/\/cuidapp.site\/es\/wp-json\/wp\/v2\/posts\/2135","targetHints":{"allow":["GET"]}}],"collection":[{"href":"https:\/\/cuidapp.site\/es\/wp-json\/wp\/v2\/posts"}],"about":[{"href":"https:\/\/cuidapp.site\/es\/wp-json\/wp\/v2\/types\/post"}],"author":[{"embeddable":true,"href":"https:\/\/cuidapp.site\/es\/wp-json\/wp\/v2\/users\/1"}],"replies":[{"embeddable":true,"href":"https:\/\/cuidapp.site\/es\/wp-json\/wp\/v2\/comments?post=2135"}],"version-history":[{"count":1,"href":"https:\/\/cuidapp.site\/es\/wp-json\/wp\/v2\/posts\/2135\/revisions"}],"predecessor-version":[{"id":2137,"href":"https:\/\/cuidapp.site\/es\/wp-json\/wp\/v2\/posts\/2135\/revisions\/2137"}],"wp:featuredmedia":[{"embeddable":true,"href":"https:\/\/cuidapp.site\/es\/wp-json\/wp\/v2\/media\/2136"}],"wp:attachment":[{"href":"https:\/\/cuidapp.site\/es\/wp-json\/wp\/v2\/media?parent=2135"}],"wp:term":[{"taxonomy":"category","embeddable":true,"href":"https:\/\/cuidapp.site\/es\/wp-json\/wp\/v2\/categories?post=2135"},{"taxonomy":"post_tag","embeddable":true,"href":"https:\/\/cuidapp.site\/es\/wp-json\/wp\/v2\/tags?post=2135"}],"curies":[{"name":"wp","href":"https:\/\/api.w.org\/{rel}","templated":true}]}}